{"id":184,"date":"2024-09-07T18:48:33","date_gmt":"2024-09-07T18:48:33","guid":{"rendered":"http:\/\/localhost\/eshti\/?p=184"},"modified":"2024-09-07T18:49:01","modified_gmt":"2024-09-07T18:49:01","slug":"universidade-deve-perceber-as-dinamicas-do-mercado-defendem-painelistas","status":"publish","type":"post","link":"https:\/\/www.esnec.uem.mz\/index.php\/2024\/09\/07\/universidade-deve-perceber-as-dinamicas-do-mercado-defendem-painelistas\/","title":{"rendered":"Universidade deve perceber as din\u00e2micas do mercado: defendem painelistas"},"content":{"rendered":"\n<p>O Engenheiro Rog\u00e9rio Samo Gudo, PCA do MCNET, defendeu o esp\u00edrito empreendedor e inovador nos graduados, para aumentarem as suas possibilidades em adquirirem e se manterem no emprego.<\/p>\n\n\n\n<p>Samo Gudo apelou aos formados que procurem, primeiro, as pequenas empresas para receberem a aten\u00e7\u00e3o directa e necess\u00e1ria de um l\u00edder, porquanto nas grandes companhias n\u00e3o existe tal aten\u00e7\u00e3o, devido a um sistema de gest\u00e3o vertical e de muita especializa\u00e7\u00e3o. \u201cNuma pequena empresa ir\u00e3o aprender muita coisa que vos ser\u00e1 \u00fatil para o resto das vossas vidas\u201d, disse.<br>Por sua vez, Belmiro Quive, da BDQ, instou aos estudantes universit\u00e1rios a terem um esprito aberto e encontrarem solu\u00e7\u00f5es inovadoras, apostando no autoemprego. Entretanto, tais solu\u00e7\u00f5es inovadoras devem ser encontradas ainda durante a forma\u00e7\u00e3o, n\u00e3o buscando apenas forma\u00e7\u00e3o acad\u00e9mica, mas tamb\u00e9m buscando empreender.<\/p>\n\n\n\n<p>Quive partilhou a sua pr\u00f3pria experi\u00eancia de vida, afirmando que come\u00e7ou com uma m\u00e1quina copiadora, em 2001, mas agora possui seis empresas que actuam no ramo do entretenimento, das telecomunica\u00e7\u00f5es e que, agora, se prepara para entrar nos servi\u00e7os financeiros.<\/p>\n\n\n\n<p>Na sequ\u00eancia, a PCA do Standard Bank, Prof. Doutora Esselina Macome, disse haver uma mudan\u00e7a estrutural na din\u00e2mica de empregabilidade, em Mo\u00e7ambique, porquanto as organiza\u00e7\u00f5es actuamente primam pela compet\u00eancia dos seus colaboradores, pelo que, aqueles que apresentam defici\u00eancias no saber fazer s\u00e3o descartados. \u201cE muitos de n\u00f3s estamos habituados a ficar no emprego por toda a vida. J\u00e1 est\u00e1 a acabar isso. Mas, por outro lado, tamb\u00e9m noto que os pr\u00f3prios jovens j\u00e1 n\u00e3o est\u00e3o preparados para toda a vida ficarem num \u00fanico emprego e fazerem a mesma coisa. Est\u00e3o sempre a busca de coisas novas.\u201d<\/p>\n\n\n\n<p>Esselina Macome acrescentou que, actualmente, as organiza\u00e7\u00f5es procuram pessoas capazes de se ajustar \u00e0s din\u00e2micas do mercado e de ir aprendendo ao longo da vida, pelo que, segundo a oradora, a universidade tamb\u00e9m deve ensinar como \u00e9 que os seus formandos podem aprender ao longo da vida. \u201cEu sou exemplo disso, a licenciatura foi em Matem\u00e1tica mas, hoje, n\u00e3o ensino Matem\u00e1tica, fa\u00e7o muitas outras coisas que fui obrigada a buscar para me manter no mercado\u201d, frisou.<\/p>\n\n\n\n<p>Na ocasi\u00e3o, o Presidente da Bolsa de Valores de Mo\u00e7ambique, Salim Val\u00e1, defendeu a necessidade de, durante a forma\u00e7\u00e3o, a Universidade procurar perceber as din\u00e2micas do mercado sobre o perfil do graduado que satisfa\u00e7a \u00e0s necessidades dos diferentes sectores produtivos. \u201cE, para isso acontecer, temos que manter uma liga\u00e7\u00e3o permanente entre a academia e o sector produtivo\u201d, rematou.<\/p>\n\n\n\n<p>Ap\u00f3s os debates, o Reitor da UEM, Prof. Doutor Manuel Guilherme J\u00fanior, garantiu ter anotado cada uma das interven\u00e7\u00f5es partilhadas e que ficou com a melhor percep\u00e7\u00e3o sobre os desafios a enfrentar, muitos deles decorrentes da conjuntura mundial, do desenvolvimento econ\u00f3mico, tecnol\u00f3gico e cient\u00edfico, \u201cmas, tamb\u00e9m, sa\u00edmos cientes das val\u00eancias que cada um de n\u00f3s constitui para o outro\u201d.<\/p>\n","protected":false},"excerpt":{"rendered":"<p>O Engenheiro Rog\u00e9rio Samo Gudo, PCA do MCNET, defendeu o esp\u00edrito empreendedor e inovador nos graduados, para aumentarem as suas [&hellip;]<\/p>\n","protected":false},"author":1,"featured_media":186,"comment_status":"open","ping_status":"open","sticky":false,"template":"","format":"standard","meta":{"site-sidebar-layout":"default","site-content-layout":"","ast-site-content-layout":"","site-content-style":"default","site-sidebar-style":"default","ast-global-header-display":"","ast-banner-title-visibility":"","ast-main-header-display":"","ast-hfb-above-header-display":"","ast-hfb-below-header-display":"","ast-hfb-mobile-header-display":"","site-post-title":"","ast-breadcrumbs-content":"","ast-featured-img":"","footer-sml-layout":"","theme-transparent-header-meta":"","adv-header-id-meta":"","stick-header-meta":"","header-above-stick-meta":"","header-main-stick-meta":"","header-below-stick-meta":"","astra-migrate-meta-layouts":"default","ast-page-background-enabled":"default","ast-page-background-meta":{"desktop":{"background-color":"var(--ast-global-color-4)","background-image":"","background-repeat":"repeat","background-position":"center center","background-size":"auto","background-attachment":"scroll","background-type":"","background-media":"","overlay-type":"","overlay-color":"","overlay-opacity":"","overlay-gradient":""},"tablet":{"background-color":"","background-image":"","background-repeat":"repeat","background-position":"center center","background-size":"auto","background-attachment":"scroll","background-type":"","background-media":"","overlay-type":"","overlay-color":"","overlay-opacity":"","overlay-gradient":""},"mobile":{"background-color":"","background-image":"","background-repeat":"repeat","background-position":"center center","background-size":"auto","background-attachment":"scroll","background-type":"","background-media":"","overlay-type":"","overlay-color":"","overlay-opacity":"","overlay-gradient":""}},"ast-content-background-meta":{"desktop":{"background-color":"var(--ast-global-color-5)","background-image":"","background-repeat":"repeat","background-position":"center center","background-size":"auto","background-attachment":"scroll","background-type":"","background-media":"","overlay-type":"","overlay-color":"","overlay-opacity":"","overlay-gradient":""},"tablet":{"background-color":"var(--ast-global-color-5)","background-image":"","background-repeat":"repeat","background-position":"center center","background-size":"auto","background-attachment":"scroll","background-type":"","background-media":"","overlay-type":"","overlay-color":"","overlay-opacity":"","overlay-gradient":""},"mobile":{"background-color":"var(--ast-global-color-5)","background-image":"","background-repeat":"repeat","background-position":"center center","background-size":"auto","background-attachment":"scroll","background-type":"","background-media":"","overlay-type":"","overlay-color":"","overlay-opacity":"","overlay-gradient":""}},"footnotes":""},"categories":[1],"tags":[],"class_list":["post-184","post","type-post","status-publish","format-standard","has-post-thumbnail","hentry","category-noticias"],"_links":{"self":[{"href":"https:\/\/www.esnec.uem.mz\/index.php\/wp-json\/wp\/v2\/posts\/184","targetHints":{"allow":["GET"]}}],"collection":[{"href":"https:\/\/www.esnec.uem.mz\/index.php\/wp-json\/wp\/v2\/posts"}],"about":[{"href":"https:\/\/www.esnec.uem.mz\/index.php\/wp-json\/wp\/v2\/types\/post"}],"author":[{"embeddable":true,"href":"https:\/\/www.esnec.uem.mz\/index.php\/wp-json\/wp\/v2\/users\/1"}],"replies":[{"embeddable":true,"href":"https:\/\/www.esnec.uem.mz\/index.php\/wp-json\/wp\/v2\/comments?post=184"}],"version-history":[{"count":1,"href":"https:\/\/www.esnec.uem.mz\/index.php\/wp-json\/wp\/v2\/posts\/184\/revisions"}],"predecessor-version":[{"id":185,"href":"https:\/\/www.esnec.uem.mz\/index.php\/wp-json\/wp\/v2\/posts\/184\/revisions\/185"}],"wp:featuredmedia":[{"embeddable":true,"href":"https:\/\/www.esnec.uem.mz\/index.php\/wp-json\/wp\/v2\/media\/186"}],"wp:attachment":[{"href":"https:\/\/www.esnec.uem.mz\/index.php\/wp-json\/wp\/v2\/media?parent=184"}],"wp:term":[{"taxonomy":"category","embeddable":true,"href":"https:\/\/www.esnec.uem.mz\/index.php\/wp-json\/wp\/v2\/categories?post=184"},{"taxonomy":"post_tag","embeddable":true,"href":"https:\/\/www.esnec.uem.mz\/index.php\/wp-json\/wp\/v2\/tags?post=184"}],"curies":[{"name":"wp","href":"https:\/\/api.w.org\/{rel}","templated":true}]}}