{"id":777,"date":"2025-08-14T14:39:11","date_gmt":"2025-08-14T14:39:11","guid":{"rendered":"https:\/\/www.esnec.uem.mz\/?p=777"},"modified":"2025-08-14T14:39:11","modified_gmt":"2025-08-14T14:39:11","slug":"esnec-tem-novo-director","status":"publish","type":"post","link":"https:\/\/www.esnec.uem.mz\/index.php\/2025\/08\/14\/esnec-tem-novo-director\/","title":{"rendered":"ESNEC tem Novo Director"},"content":{"rendered":"\n<p><em>A Escola Superior de Neg\u00f3cios e Empreendedorismo de Chibuto (ESNEC), realizou no passado dia 05 de Agosto de 2025, a cerim\u00f4nia solene de entrega de pastas ao seu novo Director, trata-se de Prof. Doutor David Alberto Seth Langa, docente e investigador da Universidade Eduardo Mondlane (UEM), nomeado por meio de despacho do Magnifico Reitor da UEM, datado de 30 de Julho de 2025.<\/em><\/p>\n\n\n\n<p>O despacho emitido ap\u00f3s um processo de eleitoral realizado na ESNEC, fez cessar a Doutora Joana Manuel Matusse Joaquim, das fun\u00e7\u00f5es de Directora da ESNEC e nomeou o Prof. Doutor David Alberto Seth Langa, docente e investigador da UEM, para o cargo de Director da ESNEC, marcando uma nova era na institui\u00e7\u00e3o.<\/p>\n\n\n\n<p>A Cerim\u00f4nia solene dirigida pelo Director dos Recursos Humanos da UEM, Mestre Alcides Nobela, contou com a presen\u00e7a de membros da comunidade acad\u00eamica da ESNEC, o Director do Gabinete Jur\u00eddico da UEM, Lic. Jo\u00e3o Pascoal e os Directores Adjuntos da Escola Superior de Neg\u00f3cios e Empreendedorismo de Chibuto.<\/p>\n\n\n\n<p>Emocionada, a Directora Cessante, Doutora Joana Manuel Matusse Joaquim, referiu no seu \u00faltimo discurso de ocasi\u00e3o que deixa o cargo com sentimento de miss\u00e3o cumprida, destacando alguns feitos alcan\u00e7ados ao longo da sua gest\u00e3o.<\/p>\n\n\n\n<p>\u201cSaio desta fun\u00e7\u00e3o com sentimento de miss\u00e3o cumprida, n\u00e3o por ter atingido todos os objectivos propostos, mas porque tudo que foi poss\u00edvel alcan\u00e7ar, foi feito com integridade, sentido de responsabilidade e profundo respeito da institui\u00e7\u00e3o, pelas pessoas que a constroem todos dias e, pelo impacto que ela pode ter no futuro do nosso pa\u00eds. N\u00e3o foi um percurso f\u00e1cil, mas tamb\u00e9m houve avan\u00e7os significativos, aprendizados profundos e acima de tudo, uma caminhada feita com pessoas comprometidas com a causa institucional. Entre os momentos marcantes que levarei comigo, destaco o orgulho e humildade, a aprova\u00e7\u00e3o e homologa\u00e7\u00e3o do regulamento interno da unidade, o in\u00edcio das actividades de gera\u00e7\u00e3o de receita, a elabora\u00e7\u00e3o do curr\u00edculo de mestrado ainda em aprecia\u00e7\u00e3o pelos \u00f3rg\u00e3os colegiais centrais, o fortalecimento de parcerias estrat\u00e9gicas e a cria\u00e7\u00e3o do Jornal ESNEC e a honra de termos sido os escolhidos para sediar as II Jornadas Cient\u00edficas Prov\u00edncias\u201d, referiu.<\/p>\n\n\n\n<p>Expressou ainda a sua sincera gratid\u00e3o ao Magn\u00edfico Reitor da UEM, Prof. Doutor Manuel Guilherme J\u00fanior, aos Vice-Reitores, pelo apoio constante ao longo da sua gest\u00e3o e, aos demais colegas e diferentes membros da comunidade acad\u00eamica, pela entrega, escuta e o trabalho prestado.<\/p>\n\n\n\n<p>Por sua vez, o Director Actual, Prof. Doutor David Alberto Seth Langa, disse no seu primeiro discurso que espera aprender dos membros da comunidade acad\u00e9mica da ESNEC, prometendo dar o melhor de si para que a institui\u00e7\u00e3o alcance os objectivos previstos nos estatutos.<\/p>\n\n\n\n<p>\u201cN\u00e3o prometo muitas coisas do que aquilo que a escola prev\u00ea nos seus estatutos, vou dar melhor de mim, para que a nossa escola seja de cariz polit\u00e9cnico, espero ser um bom fio condutor e passe as energias positivas onde s\u00e3o necess\u00e1rias. Se todos nos estivermos conectados, formando uma equipe forte, quanto desejamos como escola, podemos alcan\u00e7ar\u201d, disse.<\/p>\n\n\n\n<p>Em representa\u00e7\u00e3o de toda comunidade acad\u00e9mica da ESNEC, a Lic. Acharmila Ussene, agradeceu a Directora cessante pela forma como encarou o desafio de dirigir a ESNEC, referindo que a institui\u00e7\u00e3o est\u00e1 de bra\u00e7os abertos para o novo Director da ESNEC.<\/p>\n\n\n\n<p>\u201cAgradecer a Directora cessante pelo esfor\u00e7o, carinho e pela forma como encarou o desafio de levar a ESNEC do ponto em que estava at\u00e9 o ponto em que est\u00e1 agora e aos demais colegas por terem apoiado esta miss\u00e3o. Desejo boas-vindas ao novo director, estamos de bra\u00e7os abertos para juntos conduzirmos os rumos da institui\u00e7\u00e3o\u201d, agradeceu.<\/p>\n\n\n\n<p>A posse oficial do novo Director ficou agendada realizou-se no dia 07 de Agosto de 2025, em Maputo, na presen\u00e7a do Magnifico Reitor da UEM.<\/p>\n","protected":false},"excerpt":{"rendered":"<p>A Escola Superior de Neg\u00f3cios e Empreendedorismo de Chibuto (ESNEC), realizou no passado dia 05 de Agosto de 2025, a [&hellip;]<\/p>\n","protected":false},"author":4,"featured_media":779,"comment_status":"open","ping_status":"open","sticky":false,"template":"","format":"standard","meta":{"site-sidebar-layout":"default","site-content-layout":"","ast-site-content-layout":"","site-content-style":"default","site-sidebar-style":"default","ast-global-header-display":"","ast-banner-title-visibility":"","ast-main-header-display":"","ast-hfb-above-header-display":"","ast-hfb-below-header-display":"","ast-hfb-mobile-header-display":"","site-post-title":"","ast-breadcrumbs-content":"","ast-featured-img":"","footer-sml-layout":"","theme-transparent-header-meta":"","adv-header-id-meta":"","stick-header-meta":"","header-above-stick-meta":"","header-main-stick-meta":"","header-below-stick-meta":"","astra-migrate-meta-layouts":"default","ast-page-background-enabled":"default","ast-page-background-meta":{"desktop":{"background-color":"var(--ast-global-color-4)","background-image":"","background-repeat":"repeat","background-position":"center center","background-size":"auto","background-attachment":"scroll","background-type":"","background-media":"","overlay-type":"","overlay-color":"","overlay-opacity":"","overlay-gradient":""},"tablet":{"background-color":"","background-image":"","background-repeat":"repeat","background-position":"center center","background-size":"auto","background-attachment":"scroll","background-type":"","background-media":"","overlay-type":"","overlay-color":"","overlay-opacity":"","overlay-gradient":""},"mobile":{"background-color":"","background-image":"","background-repeat":"repeat","background-position":"center center","background-size":"auto","background-attachment":"scroll","background-type":"","background-media":"","overlay-type":"","overlay-color":"","overlay-opacity":"","overlay-gradient":""}},"ast-content-background-meta":{"desktop":{"background-color":"var(--ast-global-color-5)","background-image":"","background-repeat":"repeat","background-position":"center center","background-size":"auto","background-attachment":"scroll","background-type":"","background-media":"","overlay-type":"","overlay-color":"","overlay-opacity":"","overlay-gradient":""},"tablet":{"background-color":"var(--ast-global-color-5)","background-image":"","background-repeat":"repeat","background-position":"center center","background-size":"auto","background-attachment":"scroll","background-type":"","background-media":"","overlay-type":"","overlay-color":"","overlay-opacity":"","overlay-gradient":""},"mobile":{"background-color":"var(--ast-global-color-5)","background-image":"","background-repeat":"repeat","background-position":"center center","background-size":"auto","background-attachment":"scroll","background-type":"","background-media":"","overlay-type":"","overlay-color":"","overlay-opacity":"","overlay-gradient":""}},"footnotes":""},"categories":[1],"tags":[],"class_list":["post-777","post","type-post","status-publish","format-standard","has-post-thumbnail","hentry","category-noticias"],"_links":{"self":[{"href":"https:\/\/www.esnec.uem.mz\/index.php\/wp-json\/wp\/v2\/posts\/777","targetHints":{"allow":["GET"]}}],"collection":[{"href":"https:\/\/www.esnec.uem.mz\/index.php\/wp-json\/wp\/v2\/posts"}],"about":[{"href":"https:\/\/www.esnec.uem.mz\/index.php\/wp-json\/wp\/v2\/types\/post"}],"author":[{"embeddable":true,"href":"https:\/\/www.esnec.uem.mz\/index.php\/wp-json\/wp\/v2\/users\/4"}],"replies":[{"embeddable":true,"href":"https:\/\/www.esnec.uem.mz\/index.php\/wp-json\/wp\/v2\/comments?post=777"}],"version-history":[{"count":1,"href":"https:\/\/www.esnec.uem.mz\/index.php\/wp-json\/wp\/v2\/posts\/777\/revisions"}],"predecessor-version":[{"id":780,"href":"https:\/\/www.esnec.uem.mz\/index.php\/wp-json\/wp\/v2\/posts\/777\/revisions\/780"}],"wp:featuredmedia":[{"embeddable":true,"href":"https:\/\/www.esnec.uem.mz\/index.php\/wp-json\/wp\/v2\/media\/779"}],"wp:attachment":[{"href":"https:\/\/www.esnec.uem.mz\/index.php\/wp-json\/wp\/v2\/media?parent=777"}],"wp:term":[{"taxonomy":"category","embeddable":true,"href":"https:\/\/www.esnec.uem.mz\/index.php\/wp-json\/wp\/v2\/categories?post=777"},{"taxonomy":"post_tag","embeddable":true,"href":"https:\/\/www.esnec.uem.mz\/index.php\/wp-json\/wp\/v2\/tags?post=777"}],"curies":[{"name":"wp","href":"https:\/\/api.w.org\/{rel}","templated":true}]}}